{"id":13679,"date":"2023-06-06T15:18:11","date_gmt":"2023-06-06T12:18:11","guid":{"rendered":"https:\/\/landscapesfuture.org\/mise-en-oeuvre-de-lagenda-2030-dans-le-domaine-de-lalimentation-et-de-lagriculture-accelerer-limpact-des-politiques-grace-a-la-coordination-intersectorielle-au-niveau-national\/"},"modified":"2025-04-24T15:17:18","modified_gmt":"2025-04-24T12:17:18","slug":"mise-en-oeuvre-de-lagenda-2030-dans-le-domaine-de-lalimentation-et-de-lagriculture-accelerer-limpact-des-politiques-grace-a-la-coordination-intersectorielle-au-niveau-national","status":"publish","type":"post","link":"https:\/\/landscapesfuture.org\/fr\/mise-en-oeuvre-de-lagenda-2030-dans-le-domaine-de-lalimentation-et-de-lagriculture-accelerer-limpact-des-politiques-grace-a-la-coordination-intersectorielle-au-niveau-national\/","title":{"rendered":"Mise en \u0153uvre de l&rsquo;Agenda 2030 dans le domaine de l&rsquo;alimentation et de l&rsquo;agriculture : Acc\u00e9l\u00e9rer l&rsquo;impact des politiques gr\u00e2ce \u00e0 la coordination intersectorielle au niveau national"},"content":{"rendered":"\n<figure class=\"wp-block-image size-large\"><a href=\"https:\/\/www.fao.org\/documents\/card\/en?details=9e27cef0-8e4a-4c59-986b-5bd1b12c724c%2f\" target=\"_blank\" rel=\"noopener\"><img loading=\"lazy\" decoding=\"async\" width=\"1024\" height=\"835\" src=\"https:\/\/landscapesfuture.org\/wp-content\/uploads\/2023\/06\/Screenshot-2023-06-02-at-11.51.24-1024x835.png\" alt=\"\" class=\"wp-image-8724\" srcset=\"https:\/\/landscapesfuture.org\/wp-content\/uploads\/2023\/06\/Screenshot-2023-06-02-at-11.51.24-1024x835.png 1024w, https:\/\/landscapesfuture.org\/wp-content\/uploads\/2023\/06\/Screenshot-2023-06-02-at-11.51.24-300x245.png 300w, https:\/\/landscapesfuture.org\/wp-content\/uploads\/2023\/06\/Screenshot-2023-06-02-at-11.51.24-768x627.png 768w, https:\/\/landscapesfuture.org\/wp-content\/uploads\/2023\/06\/Screenshot-2023-06-02-at-11.51.24-1536x1253.png 1536w, https:\/\/landscapesfuture.org\/wp-content\/uploads\/2023\/06\/Screenshot-2023-06-02-at-11.51.24-2048x1671.png 2048w\" sizes=\"auto, (max-width: 1024px) 100vw, 1024px\" \/><\/a><figcaption>T\u00e9l\u00e9charger de l&rsquo;<a href=\"https:\/\/www.fao.org\/documents\/card\/en?details=9e27cef0-8e4a-4c59-986b-5bd1b12c724c%2f\" data-type=\"URL\" data-id=\"https:\/\/www.fao.org\/documents\/card\/en?details=9e27cef0-8e4a-4c59-986b-5bd1b12c724c%2f\" target=\"_blank\" rel=\"noreferrer noopener\">Organisation des Nations Unies pour l&rsquo;alimentation et l&rsquo;agriculture (FAO)<\/a><\/figcaption><\/figure>\n\n<div class=\"wp-block-buttons is-layout-flex wp-block-buttons-is-layout-flex\">\n<div class=\"wp-block-button\"><a class=\"wp-block-button__link\" href=\"https:\/\/www.fao.org\/documents\/card\/en?details=9e27cef0-8e4a-4c59-986b-5bd1b12c724c%2f\" target=\"_blank\" rel=\"noreferrer noopener\">T\u00e9l\u00e9chargez ici<\/a><\/div>\n<\/div>\n","protected":false},"excerpt":{"rendered":"<p>L&rsquo;Agenda 2030 pour le d\u00e9veloppement durable souligne l&rsquo;interconnexion des d\u00e9fis mondiaux et la n\u00e9cessit\u00e9 d&rsquo;une collaboration intersectorielle. Cependant, il existe peu d&rsquo;orientations sur la mani\u00e8re d&rsquo;int\u00e9grer ces approches dans la planification nationale et infranationale. Ce document vise \u00e0 fournir des approches indicatives pour travailler de mani\u00e8re intersectorielle afin d&rsquo;aborder des questions complexes li\u00e9es \u00e0 l&rsquo;alimentation et \u00e0 la nutrition durables, \u00e0 l&rsquo;agriculture et aux ressources naturelles. Il donne un aper\u00e7u de la coordination intersectorielle au niveau national, identifie les facteurs qui la facilitent et explore le r\u00f4le de la collaboration multipartite dans le soutien de la coordination. S&rsquo;appuyant sur la litt\u00e9rature et les \u00e9tudes nationales, l&rsquo;analyse se concentre sur les conditions initiales, les facteurs favorables, les accords de gouvernance et les processus pour une coordination intersectorielle efficace.    <\/p>\n","protected":false},"author":19,"featured_media":8725,"comment_status":"closed","ping_status":"open","sticky":false,"template":"","format":"standard","meta":{"inline_featured_image":false,"footnotes":"","_links_to":"","_links_to_target":""},"categories":[60,87],"tags":[1215,1214,1220,1211,1224,1225,613,630,494,1208,1223,61,859,1210,1216,1218,861,1209,1221,495,67,1213,1212,1217,1219,1222],"content_type":[],"source_site":[],"class_list":["post-13679","post","type-post","status-publish","format-standard","has-post-thumbnail","hentry","category-connaissances","category-publications-fr","tag-afrique","tag-asie","tag-c-neely-fr","tag-cooperation-fr","tag-d-bojic-fr","tag-d-valleee-fr","tag-fms","tag-forums-multipartites-fr","tag-forums-plurilateraux","tag-gouvernance","tag-i-koupelavtskaya-buttoud-fr","tag-ilm-fr","tag-integrated-landscape-management-fr","tag-la-cooperation-internationale","tag-la-coordination-intersectorielle","tag-la-gestion-des-ressources-naturelles","tag-landscapes-for-our-future-fr","tag-le-developpement-durable","tag-m-bourne-fr","tag-msf-fr","tag-nos-paysages","tag-odd","tag-planification","tag-plans-de-developpement","tag-ressources-naturelles","tag-s-chesterman-fr"],"_links":{"self":[{"href":"https:\/\/landscapesfuture.org\/fr\/wp-json\/wp\/v2\/posts\/13679","targetHints":{"allow":["GET"]}}],"collection":[{"href":"https:\/\/landscapesfuture.org\/fr\/wp-json\/wp\/v2\/posts"}],"about":[{"href":"https:\/\/landscapesfuture.org\/fr\/wp-json\/wp\/v2\/types\/post"}],"author":[{"embeddable":true,"href":"https:\/\/landscapesfuture.org\/fr\/wp-json\/wp\/v2\/users\/19"}],"replies":[{"embeddable":true,"href":"https:\/\/landscapesfuture.org\/fr\/wp-json\/wp\/v2\/comments?post=13679"}],"version-history":[{"count":1,"href":"https:\/\/landscapesfuture.org\/fr\/wp-json\/wp\/v2\/posts\/13679\/revisions"}],"predecessor-version":[{"id":13680,"href":"https:\/\/landscapesfuture.org\/fr\/wp-json\/wp\/v2\/posts\/13679\/revisions\/13680"}],"wp:featuredmedia":[{"embeddable":true,"href":"https:\/\/landscapesfuture.org\/fr\/wp-json\/wp\/v2\/media\/8725"}],"wp:attachment":[{"href":"https:\/\/landscapesfuture.org\/fr\/wp-json\/wp\/v2\/media?parent=13679"}],"wp:term":[{"taxonomy":"category","embeddable":true,"href":"https:\/\/landscapesfuture.org\/fr\/wp-json\/wp\/v2\/categories?post=13679"},{"taxonomy":"post_tag","embeddable":true,"href":"https:\/\/landscapesfuture.org\/fr\/wp-json\/wp\/v2\/tags?post=13679"},{"taxonomy":"content_type","embeddable":true,"href":"https:\/\/landscapesfuture.org\/fr\/wp-json\/wp\/v2\/content_type?post=13679"},{"taxonomy":"source_site","embeddable":true,"href":"https:\/\/landscapesfuture.org\/fr\/wp-json\/wp\/v2\/source_site?post=13679"}],"curies":[{"name":"wp","href":"https:\/\/api.w.org\/{rel}","templated":true}]}}